{"id":387,"date":"2011-11-28T14:40:48","date_gmt":"2011-11-28T10:40:48","guid":{"rendered":"http:\/\/www.dbv-bremen.de\/?p=387"},"modified":"2011-11-28T14:45:30","modified_gmt":"2011-11-28T10:45:30","slug":"einladung-zur-pressekonferenz-und-buchprasentation","status":"publish","type":"post","link":"http:\/\/www.dbv-bremen.de\/?p=387","title":{"rendered":"Einladung zur Pressekonferenz und Buchpr\u00e4sentation"},"content":{"rendered":"<p>Die <strong>Bibliothek der Handelskammer Bremen<\/strong> l\u00e4dt herzlich zu einer Pressekonferenz und Buch\u00adpr\u00e4sentation ein.<br \/>\n<strong>Mit Kurs auf Charleston, S.C. <\/strong><br \/>\nKapit\u00e4n Heinrich Wieting und die deutsche Auswanderung<br \/>\nnach South Carolina im 19. Jahrhundert<br \/>\nvon Andrea Mehrl\u00e4nder<\/p>\n<p><strong>Donnerstag, 1. Dezember 2011 um 11 Uhr<br \/>\nGesellschaftsr\u00e4ume im Sch\u00fctting,<br \/>\nAm Markt 13, 28195 Bremen<\/strong><\/p>\n<p><a href='http:\/\/www.dbv-bremen.de\/wp-content\/uploads\/2011\/11\/517_wieting_presseinfo.pdf'>Presseinformation (PDF)<\/a><\/p>\n<p>F\u00fcr Getr\u00e4nke und einen kleinen Imbiss ist gesorgt.<br \/>\nWeitere Informationen erhalten Sie von Frau Falkenberg unter Tel. 0421-1785-144 ( Mo, Di u. Do von 9 bis 13 Uhr) oder per E-Mail l.falkenberg@hauschild-verlag.de. <\/p>\n","protected":false},"excerpt":{"rendered":"<p>Die Bibliothek der Handelskammer Bremen l\u00e4dt herzlich zu einer Pressekonferenz und Buch\u00adpr\u00e4sentation ein. Mit Kurs auf Charleston, S.C. Kapit\u00e4n Heinrich Wieting und die deutsche Auswanderung nach South Carolina im 19. Jahrhundert von Andrea Mehrl\u00e4nder Donnerstag, 1. Dezember 2011 um 11 Uhr Gesellschaftsr\u00e4ume im Sch\u00fctting, Am Markt 13, 28195 Bremen Presseinformation (PDF) F\u00fcr Getr\u00e4nke und einen [&hellip;]<\/p>\n","protected":false},"author":1,"featured_media":0,"comment_status":"closed","ping_status":"open","sticky":false,"template":"","format":"standard","meta":{"footnotes":""},"categories":[8],"tags":[],"class_list":["post-387","post","type-post","status-publish","format-standard","hentry","category-aktuell"],"_links":{"self":[{"href":"http:\/\/www.dbv-bremen.de\/index.php?rest_route=\/wp\/v2\/posts\/387","targetHints":{"allow":["GET"]}}],"collection":[{"href":"http:\/\/www.dbv-bremen.de\/index.php?rest_route=\/wp\/v2\/posts"}],"about":[{"href":"http:\/\/www.dbv-bremen.de\/index.php?rest_route=\/wp\/v2\/types\/post"}],"author":[{"embeddable":true,"href":"http:\/\/www.dbv-bremen.de\/index.php?rest_route=\/wp\/v2\/users\/1"}],"replies":[{"embeddable":true,"href":"http:\/\/www.dbv-bremen.de\/index.php?rest_route=%2Fwp%2Fv2%2Fcomments&post=387"}],"version-history":[{"count":2,"href":"http:\/\/www.dbv-bremen.de\/index.php?rest_route=\/wp\/v2\/posts\/387\/revisions"}],"predecessor-version":[{"id":393,"href":"http:\/\/www.dbv-bremen.de\/index.php?rest_route=\/wp\/v2\/posts\/387\/revisions\/393"}],"wp:attachment":[{"href":"http:\/\/www.dbv-bremen.de\/index.php?rest_route=%2Fwp%2Fv2%2Fmedia&parent=387"}],"wp:term":[{"taxonomy":"category","embeddable":true,"href":"http:\/\/www.dbv-bremen.de\/index.php?rest_route=%2Fwp%2Fv2%2Fcategories&post=387"},{"taxonomy":"post_tag","embeddable":true,"href":"http:\/\/www.dbv-bremen.de\/index.php?rest_route=%2Fwp%2Fv2%2Ftags&post=387"}],"curies":[{"name":"wp","href":"https:\/\/api.w.org\/{rel}","templated":true}]}}