{"id":460,"date":"2016-04-15T13:34:50","date_gmt":"2016-04-15T09:34:50","guid":{"rendered":"http:\/\/www.dbv-bremen.de\/?p=460"},"modified":"2016-04-15T13:51:27","modified_gmt":"2016-04-15T09:51:27","slug":"wechsel-der-geschaeftsstelle-dank-an-barbara-lison","status":"publish","type":"post","link":"http:\/\/www.dbv-bremen.de\/?p=460","title":{"rendered":""},"content":{"rendered":"<h2>Wechsel der Gesch\u00e4ftsstelle &#8211; Dank an Barbara Lison<\/h2>\n<hr \/>\n<div style=\"margin-right: 5px;\">\n<div id=\"attachment_461\" style=\"width: 243px\" class=\"wp-caption alignleft\"><a href=\"http:\/\/www.dbv-bremen.de\/wp-content\/uploads\/2016\/04\/kubicek.jpg\"><img loading=\"lazy\" decoding=\"async\" aria-describedby=\"caption-attachment-461\" class=\"wp-image-461 size-medium\" src=\"http:\/\/www.dbv-bremen.de\/wp-content\/uploads\/2016\/04\/kubicek-233x300.jpg\" alt=\"Herbert Kubicek und Barbara Lison\" width=\"233\" height=\"300\" srcset=\"http:\/\/www.dbv-bremen.de\/wp-content\/uploads\/2016\/04\/kubicek-233x300.jpg 233w, http:\/\/www.dbv-bremen.de\/wp-content\/uploads\/2016\/04\/kubicek-797x1024.jpg 797w, http:\/\/www.dbv-bremen.de\/wp-content\/uploads\/2016\/04\/kubicek.jpg 961w\" sizes=\"auto, (max-width: 233px) 100vw, 233px\" \/><\/a><p id=\"caption-attachment-461\" class=\"wp-caption-text\">(Foto: Marcel Brannemann)<\/p><\/div>\n<\/div>\n<p>Die Gesch\u00e4ftsstelle des Landesverbands wechselt von der Stadtbibliothek Bremen zur Staats- und Universit\u00e4tsbibliothek. Barbara Lison, die Direktorin der Stadtbibliothek, ist im M\u00e4rz zur <a href=\"http:\/\/www.bibliotheksverband.de\/dbv\/presse\/presse-details\/archive\/2016\/march\/article\/bibliotheken-chancen-fuer-innovation-und-integration-barbara-lison-zur-neuen-vorsitzenden-des-dbv.html?tx_ttnews[day]=18&amp;cHash=4cb9fe53cbf08ed2de51c91f4ca58b72\">Vorsitzenden des Deutschen Bibliotheksverbands\u00a0gew\u00e4hlt worden<\/a> und \u00a0mu\u00df \u00a0daher ihr Amt als gesch\u00e4ftsf\u00fchrendes Vorstandsmitglied des bremischen Landesverbandes nach fast 25 Jahren aufgeben. Diese Funktion \u00fcbernimmt Maria Elisabeth M\u00fcller, Direktorin der Staats- und Universit\u00e4tsbibliothek und langj\u00e4hriges Vorstandsmitglied im Landesverband. Die Gesch\u00e4ftsstelle \u00fcbernimmt ihr Sekretariat. Auf der Mitgliederversammlung am 5. April wurde Lucia Werder, Bibliothekarische Direktorin der Stadtbibliothek, an Stelle von Barbara Lison in den Vorstand gew\u00e4hlt. Der Vorsitzende des Vorstands, Professor Herbert Kubicek, dankte Barbara Lison im Namen der Mitglieder f\u00fcr ihr unerm\u00fcdliches Engagement f\u00fcr den Verband und die bremischen Bibliothek mit einem Blumenstrauss und Anja Paetzold im Sekretariat f\u00fcr die effektive und zuverl\u00e4ssige Arbeit in der Gesch\u00e4ftsstelle.<\/p>\n","protected":false},"excerpt":{"rendered":"<p>Wechsel der Gesch\u00e4ftsstelle &#8211; Dank an Barbara Lison Die Gesch\u00e4ftsstelle des Landesverbands wechselt von der Stadtbibliothek Bremen zur Staats- und Universit\u00e4tsbibliothek. Barbara Lison, die Direktorin der Stadtbibliothek, ist im M\u00e4rz zur Vorsitzenden des Deutschen Bibliotheksverbands\u00a0gew\u00e4hlt worden und \u00a0mu\u00df \u00a0daher ihr Amt als gesch\u00e4ftsf\u00fchrendes Vorstandsmitglied des bremischen Landesverbandes nach fast 25 Jahren aufgeben. Diese Funktion \u00fcbernimmt [&hellip;]<\/p>\n","protected":false},"author":1,"featured_media":0,"comment_status":"closed","ping_status":"open","sticky":false,"template":"","format":"standard","meta":{"footnotes":""},"categories":[8,1],"tags":[],"class_list":["post-460","post","type-post","status-publish","format-standard","hentry","category-aktuell","category-uncategorized"],"_links":{"self":[{"href":"http:\/\/www.dbv-bremen.de\/index.php?rest_route=\/wp\/v2\/posts\/460","targetHints":{"allow":["GET"]}}],"collection":[{"href":"http:\/\/www.dbv-bremen.de\/index.php?rest_route=\/wp\/v2\/posts"}],"about":[{"href":"http:\/\/www.dbv-bremen.de\/index.php?rest_route=\/wp\/v2\/types\/post"}],"author":[{"embeddable":true,"href":"http:\/\/www.dbv-bremen.de\/index.php?rest_route=\/wp\/v2\/users\/1"}],"replies":[{"embeddable":true,"href":"http:\/\/www.dbv-bremen.de\/index.php?rest_route=%2Fwp%2Fv2%2Fcomments&post=460"}],"version-history":[{"count":4,"href":"http:\/\/www.dbv-bremen.de\/index.php?rest_route=\/wp\/v2\/posts\/460\/revisions"}],"predecessor-version":[{"id":467,"href":"http:\/\/www.dbv-bremen.de\/index.php?rest_route=\/wp\/v2\/posts\/460\/revisions\/467"}],"wp:attachment":[{"href":"http:\/\/www.dbv-bremen.de\/index.php?rest_route=%2Fwp%2Fv2%2Fmedia&parent=460"}],"wp:term":[{"taxonomy":"category","embeddable":true,"href":"http:\/\/www.dbv-bremen.de\/index.php?rest_route=%2Fwp%2Fv2%2Fcategories&post=460"},{"taxonomy":"post_tag","embeddable":true,"href":"http:\/\/www.dbv-bremen.de\/index.php?rest_route=%2Fwp%2Fv2%2Ftags&post=460"}],"curies":[{"name":"wp","href":"https:\/\/api.w.org\/{rel}","templated":true}]}}